{"id":20255,"date":"2025-12-30T08:00:00","date_gmt":"2025-12-30T07:00:00","guid":{"rendered":"https:\/\/presserat.ch\/?p=20255"},"modified":"2025-12-29T18:38:55","modified_gmt":"2025-12-29T17:38:55","slug":"information-du-conseil-de-fondation-emoluments-a-partir-de-2026","status":"publish","type":"post","link":"https:\/\/presserat.ch\/fr\/information-du-conseil-de-fondation-emoluments-a-partir-de-2026\/","title":{"rendered":"Information du Conseil de fondation\u00a0:\u00a0\u00e9moluments \u00e0 partir de 2026"},"content":{"rendered":"\n<p>Bonne nouvelle&nbsp;: le Parlement reconna\u00eet la valeur de l\u2019autor\u00e9gulation du journalisme et, par l\u00e0-m\u00eame, le travail du Conseil suisse de la presse. Lors de la session de d\u00e9cembre, se fondant sur l\u2019initiative parlementaire Chassot, le Parlement a consacr\u00e9 dans la LRTV le principe selon lequel le Conseil suisse de la presse serait soutenu par des fonds provenant de la redevance. Cette d\u00e9cision r\u00e9jouissante permet au Conseil suisse de la presse de poursuivre ses activit\u00e9s dans la cadre du budget d\u00e9fini. La loi r\u00e9vis\u00e9e et son ordonnance d\u2019ex\u00e9cution n\u2019entreront probablement en vigueur que d\u00e9but 2027 et la situation financi\u00e8re du Conseil suisse de la presse demeurera pr\u00e9caire en 2026. Le Conseil de fondation s\u2019engage par cons\u00e9quent, de concert avec l\u2019Association des donatrices et donateurs, pour renforcer le Conseil suisse de la presse et ses organisations fondatrices.<\/p>\n\n\n\n<p>Le nombre de plaintes, et la charge de travail du Conseil suisse de la presse, ont augment\u00e9 constamment ces derni\u00e8res ann\u00e9es. 177 plaintes ont \u00e9t\u00e9 d\u00e9pos\u00e9es en 2025, un record. Cela signifie que le Conseil suisse de la presse est de plus en plus largement connu et que ses prises de position sont appr\u00e9ci\u00e9es. Mais cela l\u2019emp\u00eache par ailleurs de mettre lui-m\u00eame en avant des questions d\u2019\u00e9thique des m\u00e9dias, car il n\u2019a pas les ressources n\u00e9cessaires. Certaines plaintes sont d\u00e9pourvues de fondement mat\u00e9riel solide, mais n\u2019en demandent pas moins de travail. <\/p>\n\n\n\n<p>Le Conseil suisse de la presse n\u2019aurait rien contre le fait d\u2019\u00eatre saisi de moins de plaintes \u00e0 l\u2019avenir, mais que celles-ci soient de meilleure qualit\u00e9. Le Conseil de fondation a de ce fait d\u00e9cid\u00e9 que les plaignants devraient s\u2019acquitter d\u2019\u00e9moluments \u00e0 compter du 1<sup>er<\/sup>&nbsp;janvier 2026 d\u00e8s la premi\u00e8re plainte&nbsp;: 100 francs pour la premi\u00e8re, 200 pour la deuxi\u00e8me, 500 pour la troisi\u00e8me et 1000 \u00e0 partir de la quatri\u00e8me d\u2019une m\u00eame personne au cours d\u2019une ann\u00e9e civile. Jusqu\u2019ici, un \u00e9molument \u00e9tait d\u00fb \u00e0 partir de la troisi\u00e8me plainte. L\u2019augmentation est donc marginale. Rien ne change pour les organisations et les personnes repr\u00e9sent\u00e9es par un avocat, qui continueront de se voir facturer 1000 francs.<\/p>\n","protected":false},"excerpt":{"rendered":"<p>Bonne nouvelle&nbsp;: le Parlement reconna\u00eet la valeur de l\u2019autor\u00e9gulation du journalisme et, par l\u00e0-m\u00eame, le travail du Conseil suisse de la presse. Lors de la session de d\u00e9cembre, se fondant sur l\u2019initiative parlementaire Chassot, le Parlement a consacr\u00e9 dans la LRTV le principe selon lequel le Conseil suisse de la presse serait soutenu par des &hellip; <a href=\"https:\/\/presserat.ch\/fr\/information-du-conseil-de-fondation-emoluments-a-partir-de-2026\/\">Suite<\/a><\/p>\n","protected":false},"author":4,"featured_media":0,"comment_status":"closed","ping_status":"closed","sticky":false,"template":"","format":"standard","meta":{"footnotes":""},"categories":[699],"tags":[],"class_list":["post-20255","post","type-post","status-publish","format-standard","hentry","category-actualite"],"_links":{"self":[{"href":"https:\/\/presserat.ch\/fr\/wp-json\/wp\/v2\/posts\/20255","targetHints":{"allow":["GET"]}}],"collection":[{"href":"https:\/\/presserat.ch\/fr\/wp-json\/wp\/v2\/posts"}],"about":[{"href":"https:\/\/presserat.ch\/fr\/wp-json\/wp\/v2\/types\/post"}],"author":[{"embeddable":true,"href":"https:\/\/presserat.ch\/fr\/wp-json\/wp\/v2\/users\/4"}],"replies":[{"embeddable":true,"href":"https:\/\/presserat.ch\/fr\/wp-json\/wp\/v2\/comments?post=20255"}],"version-history":[{"count":3,"href":"https:\/\/presserat.ch\/fr\/wp-json\/wp\/v2\/posts\/20255\/revisions"}],"predecessor-version":[{"id":20280,"href":"https:\/\/presserat.ch\/fr\/wp-json\/wp\/v2\/posts\/20255\/revisions\/20280"}],"wp:attachment":[{"href":"https:\/\/presserat.ch\/fr\/wp-json\/wp\/v2\/media?parent=20255"}],"wp:term":[{"taxonomy":"category","embeddable":true,"href":"https:\/\/presserat.ch\/fr\/wp-json\/wp\/v2\/categories?post=20255"},{"taxonomy":"post_tag","embeddable":true,"href":"https:\/\/presserat.ch\/fr\/wp-json\/wp\/v2\/tags?post=20255"}],"curies":[{"name":"wp","href":"https:\/\/api.w.org\/{rel}","templated":true}]}}