{"id":20252,"date":"2025-12-30T08:00:00","date_gmt":"2025-12-30T07:00:00","guid":{"rendered":"https:\/\/presserat.ch\/?p=20252"},"modified":"2025-12-29T18:20:30","modified_gmt":"2025-12-29T17:20:30","slug":"news_40_2024-2","status":"publish","type":"post","link":"https:\/\/presserat.ch\/fr\/news_40_2024-2\/","title":{"rendered":"Articles relatant un f\u00e9minicide"},"content":{"rendered":"\n<p>En septembre 2024, \u00ab&nbsp;20 Minuten&nbsp;\u00bb (en ligne) et \u00ab&nbsp;nau.ch&nbsp;\u00bb ont chacun publi\u00e9 un article sur un f\u00e9minicide. L\u2019auteur pr\u00e9sum\u00e9, mari de la victime, avait d\u00e9pos\u00e9 une demande de lib\u00e9ration de sa peine de d\u00e9tention et recouru jusqu\u2019au Tribunal f\u00e9d\u00e9ral. Les articles s\u2019appuyaient sur l\u2019arr\u00eat du Tribunal f\u00e9d\u00e9ral. Ils citaient des d\u00e9tails particuli\u00e8rement emplis de cruaut\u00e9 et comportaient des photos non pixellis\u00e9es des enfants et de la maison. La F\u00e9d\u00e9ration Solidarit\u00e9 femmes de Suisse et du Liechtenstein et la Maison d\u2019accueil pour femmes des deux B\u00e2le ont d\u00e9pos\u00e9 une plainte aupr\u00e8s du Conseil suisse de la presse, au motif que les articles constituaient une atteinte \u00e0 la sph\u00e8re priv\u00e9e et qu\u2019il \u00e9tait facile d\u2019identifier la victime \u00e0 partir des \u00e9l\u00e9ments publi\u00e9s. Les deux organisations ont d\u00e9plor\u00e9 en particulier que les journalistes n\u2019aient pas tenu compte de la protection particuli\u00e8re dont b\u00e9n\u00e9ficient les enfants en application de la directive. Les deux journaux en ligne ont quant \u00e0 eux r\u00e9fut\u00e9 avoir enfreint le code de d\u00e9ontologie.&nbsp;<\/p>\n\n\n\n<p>Le Conseil suisse de la presse a admis de larges pans de la plainte, car les articles ne respectaient pas les ch. 7 (identification&nbsp;\/&nbsp;enfants) et 8 (protection des victimes) de la \u00ab&nbsp;D\u00e9claration des devoirs et des droits du\/de la journaliste&nbsp;\u00bb. Il a not\u00e9 dans ses consid\u00e9rants que l\u2019argumentation des deux journaux selon laquelle il est important de parler des f\u00e9minicides et qu\u2019il est n\u00e9cessaire en particulier, selon \u00ab&nbsp;20 min.ch&nbsp;\u00bb, de ne pas \u00e9courter et embellir les propos n\u2019est pas convaincante. L\u2019int\u00e9r\u00eat public exige, bien s\u00fbr, que l\u2019on parle des f\u00e9minicides et que l\u2019on sensibilise le public. Mais les deux articles d\u00e9cri\u00e9s produisent l\u2019effet contraire et manquent de sensibilit\u00e9 et de respect vis-\u00e0-vis des victimes et de leurs proches.&nbsp;&nbsp;<\/p>\n\n\n\n<p><a href=\"https:\/\/presserat.ch\/fr\/complaints\/40_2025\/\">Prise de position 40\/2025<\/a><\/p>\n","protected":false},"excerpt":{"rendered":"<p>En septembre 2024, \u00ab&nbsp;20 Minuten&nbsp;\u00bb (en ligne) et \u00ab&nbsp;nau.ch&nbsp;\u00bb ont chacun publi\u00e9 un article sur un f\u00e9minicide. L\u2019auteur pr\u00e9sum\u00e9, mari de la victime, avait d\u00e9pos\u00e9 une demande de lib\u00e9ration de sa peine de d\u00e9tention et recouru jusqu\u2019au Tribunal f\u00e9d\u00e9ral. Les articles s\u2019appuyaient sur l\u2019arr\u00eat du Tribunal f\u00e9d\u00e9ral. Ils citaient des d\u00e9tails particuli\u00e8rement emplis de cruaut\u00e9 &hellip; <a href=\"https:\/\/presserat.ch\/fr\/news_40_2024-2\/\">Suite<\/a><\/p>\n","protected":false},"author":4,"featured_media":0,"comment_status":"closed","ping_status":"closed","sticky":false,"template":"","format":"standard","meta":{"footnotes":""},"categories":[699],"tags":[944,1069],"class_list":["post-20252","post","type-post","status-publish","format-standard","hentry","category-actualite","tag-20-minuten-3","tag-nau-ch"],"_links":{"self":[{"href":"https:\/\/presserat.ch\/fr\/wp-json\/wp\/v2\/posts\/20252","targetHints":{"allow":["GET"]}}],"collection":[{"href":"https:\/\/presserat.ch\/fr\/wp-json\/wp\/v2\/posts"}],"about":[{"href":"https:\/\/presserat.ch\/fr\/wp-json\/wp\/v2\/types\/post"}],"author":[{"embeddable":true,"href":"https:\/\/presserat.ch\/fr\/wp-json\/wp\/v2\/users\/4"}],"replies":[{"embeddable":true,"href":"https:\/\/presserat.ch\/fr\/wp-json\/wp\/v2\/comments?post=20252"}],"version-history":[{"count":2,"href":"https:\/\/presserat.ch\/fr\/wp-json\/wp\/v2\/posts\/20252\/revisions"}],"predecessor-version":[{"id":20254,"href":"https:\/\/presserat.ch\/fr\/wp-json\/wp\/v2\/posts\/20252\/revisions\/20254"}],"wp:attachment":[{"href":"https:\/\/presserat.ch\/fr\/wp-json\/wp\/v2\/media?parent=20252"}],"wp:term":[{"taxonomy":"category","embeddable":true,"href":"https:\/\/presserat.ch\/fr\/wp-json\/wp\/v2\/categories?post=20252"},{"taxonomy":"post_tag","embeddable":true,"href":"https:\/\/presserat.ch\/fr\/wp-json\/wp\/v2\/tags?post=20252"}],"curies":[{"name":"wp","href":"https:\/\/api.w.org\/{rel}","templated":true}]}}