{"id":17993,"date":"2024-03-07T08:56:21","date_gmt":"2024-03-07T07:56:21","guid":{"rendered":"https:\/\/presserat.ch\/?p=17993"},"modified":"2024-03-07T08:56:23","modified_gmt":"2024-03-07T07:56:23","slug":"presserat-weist-beschwerden-gegen-nzz-ab-verstoss-gegen-die-wahrheitspflicht-nicht-belegt","status":"publish","type":"post","link":"https:\/\/presserat.ch\/en\/presserat-weist-beschwerden-gegen-nzz-ab-verstoss-gegen-die-wahrheitspflicht-nicht-belegt\/","title":{"rendered":"Presserat weist Beschwerden gegen NZZ ab: Verstoss gegen die Wahrheitspflicht nicht belegt"},"content":{"rendered":"\n<p>Die \u00abNeue Z\u00fcrcher Zeitung\u00bb hat mit einem Kommentar zu Aktivit\u00e4ten von KlimaaktivistInnen die Wahrheitspflicht nicht verletzt, jedoch den Sachverhalt ungenau beschrieben. Der Autor hatte in seinem Kommentar festgehalten, dass KlimaaktivistInnen, die sich auf Strassen festklebten, erstmals nicht mehr nur als \u00c4rgernis wahrgenommen w\u00fcrden, sondern als Gef\u00e4hrder von Menschenleben. In Berlin sei eine Velofahrerin gestorben, nachdem sie mit einem Betonmischer kollidiert sei. \u00abDie Rettungskr\u00e4fte trafen versp\u00e4tet am Unfallort ein, weil sie in einem Stau feststeckten, der durch Klimaaktivisten verursacht worden war.\u00bb&nbsp; Der Presserat stellt fest, dass die Frage, ob ein urs\u00e4chlicher Zusammenhang zwischen der Blockade und dem Tod der Verunfallten bestand, aufgrund der Unterlagen nicht sicher beantwortet werden kann. Entsprechend ist ein Verstoss gegen die Wahrheitspflicht nicht belegt. Jedoch ist die Verwendung des Plurals \u00abEinsatzkr\u00e4fte\u00bb, die versp\u00e4tet am Unfallort eingetroffen seien, nicht korrekt. Eine Not\u00e4rztin war von Beginn an anwesend und es war ein einziger Rettungswagen, der einige Minuten zur\u00fcckgehalten wurde. Dies bewertet der Presserat als journalistische Ungenauigkeit.<\/p>\n\n\n\n<p><a href=\"http:\/\/www.presserat.ch\/complaints\/28_2023\">Zur Stellungnahme 28\/2023<\/a><\/p>\n","protected":false},"excerpt":{"rendered":"<p>Die \u00abNeue Z\u00fcrcher Zeitung\u00bb hat mit einem Kommentar zu Aktivit\u00e4ten von KlimaaktivistInnen die Wahrheitspflicht nicht verletzt, jedoch den Sachverhalt ungenau beschrieben. Der Autor hatte in seinem Kommentar festgehalten, dass KlimaaktivistInnen, die sich auf Strassen festklebten, erstmals nicht mehr nur als \u00c4rgernis wahrgenommen w\u00fcrden, sondern als Gef\u00e4hrder von Menschenleben. In Berlin sei eine Velofahrerin gestorben, nachdem &hellip; <a href=\"https:\/\/presserat.ch\/en\/presserat-weist-beschwerden-gegen-nzz-ab-verstoss-gegen-die-wahrheitspflicht-nicht-belegt\/\">Continued<\/a><\/p>\n","protected":false},"author":4,"featured_media":0,"comment_status":"closed","ping_status":"closed","sticky":false,"template":"","format":"standard","meta":{"footnotes":""},"categories":[717],"tags":[],"class_list":["post-17993","post","type-post","status-publish","format-standard","hentry","category-aktuell-en"],"_links":{"self":[{"href":"https:\/\/presserat.ch\/en\/wp-json\/wp\/v2\/posts\/17993","targetHints":{"allow":["GET"]}}],"collection":[{"href":"https:\/\/presserat.ch\/en\/wp-json\/wp\/v2\/posts"}],"about":[{"href":"https:\/\/presserat.ch\/en\/wp-json\/wp\/v2\/types\/post"}],"author":[{"embeddable":true,"href":"https:\/\/presserat.ch\/en\/wp-json\/wp\/v2\/users\/4"}],"replies":[{"embeddable":true,"href":"https:\/\/presserat.ch\/en\/wp-json\/wp\/v2\/comments?post=17993"}],"version-history":[{"count":1,"href":"https:\/\/presserat.ch\/en\/wp-json\/wp\/v2\/posts\/17993\/revisions"}],"predecessor-version":[{"id":17994,"href":"https:\/\/presserat.ch\/en\/wp-json\/wp\/v2\/posts\/17993\/revisions\/17994"}],"wp:attachment":[{"href":"https:\/\/presserat.ch\/en\/wp-json\/wp\/v2\/media?parent=17993"}],"wp:term":[{"taxonomy":"category","embeddable":true,"href":"https:\/\/presserat.ch\/en\/wp-json\/wp\/v2\/categories?post=17993"},{"taxonomy":"post_tag","embeddable":true,"href":"https:\/\/presserat.ch\/en\/wp-json\/wp\/v2\/tags?post=17993"}],"curies":[{"name":"wp","href":"https:\/\/api.w.org\/{rel}","templated":true}]}}